[{"@context":"https:\/\/schema.org\/","@type":"Article","@id":"https:\/\/www.ochmt.cz\/skvele-ucetnictvi\/#Article","mainEntityOfPage":"https:\/\/www.ochmt.cz\/skvele-ucetnictvi\/","headline":"Skv\u011bl\u00e9 \u00fa\u010detnictv\u00ed","name":"Skv\u011bl\u00e9 \u00fa\u010detnictv\u00ed","description":"Jist\u011b v\u00edte, \u017ee \u00fa\u010detnick\u00fdch instituc\u00ed je tady v \u010cesk\u00e9 republice opravdu mnoho. A j\u00e1 m\u00e1m na mysli zrovna \u00fa\u010detnictv\u00ed v Praze \u0161est. Pokud i v\u00e1s zaj\u00edm\u00e1 bl\u00ed\u017ee \u00fa\u010detnictv\u00ed v Praze \u0161est, tak se pod\u00edvejte na webov\u00e9 str\u00e1nky jkcredit.cz, kde najdete r\u016fzn\u00e9 slu\u017eby o \u00fa\u010detnictv\u00ed a taky da\u0148ov\u00e9 evidenci. Tady v\u00e1m budou v\u00e9st \u00fa\u010detnictv\u00ed a taky [&hellip;]","datePublished":"2023-01-22","dateModified":"2023-05-06","author":{"@type":"Person","@id":"https:\/\/www.ochmt.cz\/author\/#Person","name":"","url":"https:\/\/www.ochmt.cz\/author\/","identifier":1,"image":{"@type":"ImageObject","@id":"https:\/\/secure.gravatar.com\/avatar\/16435f0a6c9262449b9ebb39f63178cd65c54b09f931b6f84682f48086e3d763?s=96&d=mm&r=g","url":"https:\/\/secure.gravatar.com\/avatar\/16435f0a6c9262449b9ebb39f63178cd65c54b09f931b6f84682f48086e3d763?s=96&d=mm&r=g","height":96,"width":96}},"publisher":{"@type":"Organization","name":"ochmt.cz","logo":{"@type":"ImageObject","@id":"\/logo.png","url":"\/logo.png","width":600,"height":60}},"image":{"@type":"ImageObject","@id":"https:\/\/www.ochmt.cz\/wp-content\/uploads\/dollars-499481_960_720_10.jpg","url":"https:\/\/www.ochmt.cz\/wp-content\/uploads\/dollars-499481_960_720_10.jpg","height":0,"width":0},"url":"https:\/\/www.ochmt.cz\/skvele-ucetnictvi\/","about":["Web"],"wordCount":408,"articleBody":"      Jist\u011b v\u00edte, \u017ee \u00fa\u010detnick\u00fdch instituc\u00ed je tady v \u010cesk\u00e9 republice opravdu mnoho. A j\u00e1 m\u00e1m na mysli zrovna \u00fa\u010detnictv\u00ed v Praze \u0161est. Pokud i v\u00e1s zaj\u00edm\u00e1 bl\u00ed\u017ee \u00fa\u010detnictv\u00ed v Praze \u0161est, tak se pod\u00edvejte na webov\u00e9 str\u00e1nky jkcredit.cz, kde najdete r\u016fzn\u00e9 slu\u017eby o \u00fa\u010detnictv\u00ed a taky da\u0148ov\u00e9 evidenci. Tady v\u00e1m budou v\u00e9st \u00fa\u010detnictv\u00ed a taky samoz\u0159ejm\u011b ji\u017e zm\u00edn\u011bnou da\u0148ovou evidenci. Budou za v\u00e1s spravovat ve\u0161ker\u00e9 \u00fa\u010detn\u00ed dokumenty tak, bych v\u00e1m to u\u0161et\u0159ilo hlavn\u011b \u010das a nemuseli byste se starat o zbyte\u010dn\u00e9 pap\u00edrov\u00e1n\u00ed, kter\u00e9ho m\u00e1te jist\u011b a\u017e nad hlavu. Taky va\u0161e doklady zaeviduj\u00ed. Tohle se mi taky opravdu hodn\u011b l\u00edb\u00ed, proto\u017ee t\u00edm u\u0161et\u0159\u00edte spoustu \u010dasu a m\u016f\u017eete se v\u011bnovat sv\u00e9 rodin\u011b, \u010dasu nen\u00ed nikdy dost. Nemus\u00edte m\u00edt starost o spr\u00e1vnost \u010di \u00faplnost v\u0161ech \u00fa\u010detn\u00edch podklad\u016f. Abych pravdu \u0159ekla, tak jsem docela tro\u0161ku lajd\u00e1k, proto\u017ee se neum\u00edm starat o po\u0159\u00e1dek v \u00fa\u010detnictv\u00ed a v pr\u00e1ci, tak\u017ee by pro m\u011b \u00fa\u010detnictv\u00ed v Praze \u0161est bylo naprosto geni\u00e1ln\u00ed. A v p\u0159\u00edpad\u011b pot\u0159eby n\u00e1sledn\u011b tak\u00e9 klienty zastupuj\u00ed p\u0159ed finan\u010dn\u00edm \u00fa\u0159adem. A to t\u0159eba nap\u0159\u00edklad o \u00fa\u010detn\u00ed audity anebo kontroly a taky dal\u0161\u00ed v\u011bci, kter\u00e9 by se v\u00e1m tak\u00e9 mohly hodit a l\u00edbit. P\u00ed\u0161ou taky Pen\u011b\u017en\u00ed den\u00edk anebo kniha z\u00e1vazk\u016f a pohled\u00e1vek. Pokud v\u016fbec netu\u0161\u00edte, co je to kniha z\u00e1vazk\u016f a pohled\u00e1vek, tak se taky pod\u00edvejte na ji\u017e zm\u00edn\u011bn\u00e9 webov\u00e9 str\u00e1nky, kde v\u00e1m v\u0161echno vysv\u011btl\u00ed dopodrobna a vy budete v\u011bd\u011bt, co a jak d\u011blat. A samoz\u0159ejm\u011b eviduj\u00ed tady taky dokonce DPH anebo kontroln\u00ed hl\u00e1\u0161en\u00ed a souhrnn\u00e9 hl\u00e1\u0161en\u00ed. Maj\u00ed tady taky skladovou evidenci z\u00e1sob anebo silni\u010dn\u00ed da\u0148. Tak\u017ee pokud i vy st\u00e1le m\u00e1te z\u00e1jem o to, aby v\u00e1m n\u011bkdo vedl \u00fa\u010detnictv\u00ed, tak se nemus\u00edte b\u00e1t obr\u00e1tit na \u00fa\u010detnictv\u00ed v Praze \u0161est, kter\u00e9 je opravdu perfektn\u00ed. Mysl\u00edm si, \u017ee pr\u00e1v\u011b \u00fa\u010detnictv\u00ed v Praze \u0161est je skv\u011bl\u00e9 v tom, \u017ee je taky v\u0161emi doporu\u010deno a taky m\u016fj bratr s nimi m\u00e1 u\u017e sam\u00e9 kladn\u00e9 zku\u0161enosti.                                                                                                                                                                                                                                                                                                                                                                                           3.9\/5 - (12 votes)        "},{"@context":"https:\/\/schema.org\/","@type":"BreadcrumbList","itemListElement":[{"@type":"ListItem","position":1,"name":"Skv\u011bl\u00e9 \u00fa\u010detnictv\u00ed","item":"https:\/\/www.ochmt.cz\/skvele-ucetnictvi\/#breadcrumbitem"}]}]