[{"@context":"https:\/\/schema.org\/","@type":"Article","@id":"https:\/\/www.ochmt.cz\/retezy-na-motorku-maji-svoji-historii\/#Article","mainEntityOfPage":"https:\/\/www.ochmt.cz\/retezy-na-motorku-maji-svoji-historii\/","headline":"\u0158et\u011bzy na motorku maj\u00ed svoj\u00ed historii","name":"\u0158et\u011bzy na motorku maj\u00ed svoj\u00ed historii","description":"O jeho tvaru a podob\u011b uva\u017eoval ji\u017e Leonardo da Vinci, ale prakticky sv\u011btlo sv\u011bta spat\u0159il prvn\u00ed \u0159et\u011bz a\u017e v roce 1880 a to pod rukou \u0161v\u00fdcarsk\u00e9ho in\u017een\u00fdra. Nejv\u00edce ho samoz\u0159ejm\u011b zn\u00e1me od d\u011btstv\u00ed z j\u00edzdn\u00edch kol a nejednou jsme za\u017eili, kdy\u017e n\u00e1m \u0159et\u011bz spadl a my ho museli n\u011bkdy docela slo\u017eit\u011b vracet zp\u011bt. Nemluv\u011b o [&hellip;]","datePublished":"2018-06-27","dateModified":"2023-05-06","author":{"@type":"Person","@id":"https:\/\/www.ochmt.cz\/author\/#Person","name":"","url":"https:\/\/www.ochmt.cz\/author\/","identifier":1,"image":{"@type":"ImageObject","@id":"https:\/\/secure.gravatar.com\/avatar\/16435f0a6c9262449b9ebb39f63178cd65c54b09f931b6f84682f48086e3d763?s=96&d=mm&r=g","url":"https:\/\/secure.gravatar.com\/avatar\/16435f0a6c9262449b9ebb39f63178cd65c54b09f931b6f84682f48086e3d763?s=96&d=mm&r=g","height":96,"width":96}},"publisher":{"@type":"Organization","name":"ochmt.cz","logo":{"@type":"ImageObject","@id":"\/logo.png","url":"\/logo.png","width":600,"height":60}},"image":{"@type":"ImageObject","@id":"https:\/\/www.ochmt.cz\/wp-content\/uploads\/img_a318391_w2644_t1529306821.jpg","url":"https:\/\/www.ochmt.cz\/wp-content\/uploads\/img_a318391_w2644_t1529306821.jpg","height":0,"width":0},"url":"https:\/\/www.ochmt.cz\/retezy-na-motorku-maji-svoji-historii\/","about":["N\u00e1kupy"],"wordCount":531,"articleBody":"          O jeho tvaru a podob\u011b uva\u017eoval ji\u017e Leonardo da Vinci, ale prakticky sv\u011btlo sv\u011bta spat\u0159il prvn\u00ed \u0159et\u011bz a\u017e v roce 1880 a to pod rukou \u0161v\u00fdcarsk\u00e9ho in\u017een\u00fdra. Nejv\u00edce ho samoz\u0159ejm\u011b zn\u00e1me od d\u011btstv\u00ed z j\u00edzdn\u00edch kol a nejednou jsme za\u017eili, kdy\u017e n\u00e1m \u0159et\u011bz spadl a my ho museli n\u011bkdy docela slo\u017eit\u011b vracet zp\u011bt. Nemluv\u011b o tom, \u017ee d\u00edky mazivu jsme moc \u010dist\u011b nevypadali. To byl ale kr\u016f\u010dek k tomu, aby se vyzkou\u0161el na motork\u00e1ch. V\u00fdroba se podstatn\u011b vylep\u0161ila a nab\u00edz\u00ed se dokonce i v barevn\u00fdch proveden\u00edch. No \u0159ekn\u011bte, takov\u00fd zlat\u00fd \u0159et\u011bz, kdy\u017e bude ladit s designem dvoukolov\u00e9ho mil\u00e1\u010dka, je p\u0159ece p\u011bkn\u00fd pohled. Samoz\u0159ejm\u011b na \u00fa\u010delu to nic nem\u011bn\u00ed, ale oko to pot\u011b\u0161\u00ed. Jeho p\u016fsoben\u00ed je velmi d\u016fle\u017eit\u00e9 Nen\u00ed to \u017e\u00e1dn\u00e1 slo\u017eit\u00e1 konstrukce, ale mus\u00ed 100% fungovat, jeliko\u017e pokud zrovna nevlastn\u00edte motorku s kardanem, tak v\u00e1s daleko nedoveze. A proto\u017ee mus\u00ed skute\u010dn\u011b vykonat mnoho pr\u00e1ce a vydr\u017eet velk\u00e9 p\u016fsoben\u00ed s\u00edly, tak jsou na v\u00fdrobu kladeny vysok\u00e9 n\u00e1roky. \u0158et\u011bzy na motorku mus\u00ed b\u00fdt p\u0159edev\u0161\u00edm z kvalitn\u00edho materi\u00e1lu a tak\u00e9 \u0159et\u011bzov\u00e9 \u010dl\u00e1nky by se m\u011bly voln\u011b pohybovat, i p\u0159es tu skute\u010dnost, \u017ee zde mus\u00ed b\u00fdt co nejmen\u0161\u00ed mo\u017en\u00e1 v\u016fle jednotliv\u00fdch d\u00edlk\u016f. K pohybu doch\u00e1z\u00ed mezi pouzdrem a \u010depem a dal\u0161\u00ed pohyb je mezi pouzdrem a v\u00e1le\u010dkem. To jsou m\u00edsta, kter\u00e1 se mus\u00ed co nejl\u00e9pe udr\u017eovat v \u010distot\u011b a tak\u00e9 d\u016fkladn\u011b promaz\u00e1vat. Pak fr\u00e1ze \u201ekdo ma\u017ee, ten jede,\u201c nebude jen ot\u0159epenou v\u011btou, ale skute\u010dnost\u00ed, nav\u00edc se t\u00edm zv\u00fd\u0161\u00ed \u017eivotnost samotn\u00e9ho \u0159et\u011bzu. D\u016fkladn\u00e9 promaz\u00e1n\u00ed toti\u017e zaru\u010d\u00ed to, \u017ee se v\u016fle uvnit\u0159 nebude nadm\u011brn\u00fdm zat\u011b\u017eov\u00e1n\u00edm zv\u011bt\u0161ovat. Vyb\u00edr\u00e1me spr\u00e1vnou velikost Doporu\u010den\u00e9 d\u00e9lka je v\u017edy podle zna\u010dky motocyklu. Li\u0161it se mohou silni\u010dn\u00ed ma\u0161iny od sout\u011b\u017en\u00edch stroj\u016f. Zde se moc nehled\u00ed na v\u00fddr\u017e \u0159et\u011bzu, proto\u017ee tu budou platit jin\u00e1 pravidla. Proto se up\u0159ednost\u0148uj\u00ed tak zvan\u00e9 net\u011bsn\u011bn\u00e9 \u0159et\u011bzy. Ov\u0161em tak\u00e9 vy\u017eaduj\u00ed daleko v\u011bt\u0161\u00ed p\u00e9\u010di na \u010di\u0161t\u011bn\u00ed, p\u0159ece jenom kdy\u017e si vezmeme v \u00favahu, do jak\u00e9ho ter\u00e9nu se mus\u00ed vyhrabat a v podstat\u011b za jak\u00e9hokoliv po\u010das\u00ed. Pro klasick\u00e9 \u00fa\u010dely jsou vhodn\u011bj\u0161\u00ed t\u011bsn\u011bn\u00e9, kdy se t\u011bsn\u011bn\u00ed nach\u00e1z\u00ed mezi vnit\u0159n\u00ed a vn\u011bj\u0161\u00ed desti\u010dkou. Dokonale upevn\u00ed prostor mezi \u010depem a pouzdrem. Ji\u017e z v\u00fdroby by zde m\u011blo b\u00fdt uzav\u0159eno ur\u010dit\u00e9 mno\u017estv\u00ed maziva, kter\u00e9 by tu m\u011blo z\u016fst\u00e1vat. Samoz\u0159ejm\u011b t\u011bsn\u011bn\u00ed pak zabra\u0148uje i ve\u0161ker\u00fdm ne\u010distot\u00e1m, aby vnikly dovnit\u0159. Vhodn\u00fdm o\u0161et\u0159en\u00edm si pak zajist\u00edme n\u00e1dhernou a klidnou proj\u00ed\u017e\u010fku.                                                                                                                                                                                                                                                                                                                                                                                          4\/5 - (11 votes)        "},{"@context":"https:\/\/schema.org\/","@type":"BreadcrumbList","itemListElement":[{"@type":"ListItem","position":1,"name":"\u0158et\u011bzy na motorku maj\u00ed svoj\u00ed historii","item":"https:\/\/www.ochmt.cz\/retezy-na-motorku-maji-svoji-historii\/#breadcrumbitem"}]}]