[{"@context":"https:\/\/schema.org\/","@type":"Blog","@id":"https:\/\/www.ochmt.cz#Blog","headline":"Ochmt","description":"\nDost mo\u017en\u00e1 u\u017e jste n\u011bkdy zaslechli slova \u201ablahoslaven\u00ed chud\u00ed duchem\u2018. Av\u0161ak ur\u010dit\u011b nebudete smutn\u00ed, kdy\u017e d\u00edky \u010detb\u011b na\u0161eho webu nebudete \u201ablahoslaven\u00ed\u2018.","url":"https:\/\/www.ochmt.cz","hasPart":[{"@type":"Article","@id":"https:\/\/www.ochmt.cz\/kdy-je-ten-spravny-cas-uvazat-se-k-hypotece\/","headline":"Kdy je ten spr\u00e1vn\u00fd \u010das uv\u00e1zat se k hypot\u00e9ce?","url":"https:\/\/www.ochmt.cz\/kdy-je-ten-spravny-cas-uvazat-se-k-hypotece\/","datePublished":"2021-03-16","dateModified":"2023-05-06","mainEntityOfPage":"https:\/\/www.ochmt.cz\/kdy-je-ten-spravny-cas-uvazat-se-k-hypotece\/","author":{"@type":"Person","@id":"https:\/\/www.ochmt.cz\/author\/#Person","name":"","url":"https:\/\/www.ochmt.cz\/author\/","identifier":1,"image":{"@type":"ImageObject","@id":"https:\/\/secure.gravatar.com\/avatar\/16435f0a6c9262449b9ebb39f63178cd65c54b09f931b6f84682f48086e3d763?s=96&d=mm&r=g","url":"https:\/\/secure.gravatar.com\/avatar\/16435f0a6c9262449b9ebb39f63178cd65c54b09f931b6f84682f48086e3d763?s=96&d=mm&r=g","height":96,"width":96}},"publisher":{"@type":"Organization","name":"ochmt.cz","logo":{"@type":"ImageObject","@id":"\/logo.png","url":"\/logo.png","width":600,"height":60}},"image":{"@type":"ImageObject","@id":"https:\/\/www.ochmt.cz\/wp-content\/uploads\/spole%C4%8Dn%C3%A9%20pl%C3%A1ny_5.jpg","url":"https:\/\/www.ochmt.cz\/wp-content\/uploads\/spole%C4%8Dn%C3%A9%20pl%C3%A1ny_5.jpg","height":0,"width":0},"wordCount":611,"keywords":null},{"@type":"Article","@id":"https:\/\/www.ochmt.cz\/vydelek-pres-internet\/","headline":"V\u00fdd\u011blek p\u0159es internet","url":"https:\/\/www.ochmt.cz\/vydelek-pres-internet\/","datePublished":"2021-02-22","dateModified":"2023-05-06","mainEntityOfPage":"https:\/\/www.ochmt.cz\/vydelek-pres-internet\/","author":{"@type":"Person","@id":"https:\/\/www.ochmt.cz\/author\/#Person","name":"","url":"https:\/\/www.ochmt.cz\/author\/","identifier":1,"image":{"@type":"ImageObject","@id":"https:\/\/secure.gravatar.com\/avatar\/16435f0a6c9262449b9ebb39f63178cd65c54b09f931b6f84682f48086e3d763?s=96&d=mm&r=g","url":"https:\/\/secure.gravatar.com\/avatar\/16435f0a6c9262449b9ebb39f63178cd65c54b09f931b6f84682f48086e3d763?s=96&d=mm&r=g","height":96,"width":96}},"publisher":{"@type":"Organization","name":"ochmt.cz","logo":{"@type":"ImageObject","@id":"\/logo.png","url":"\/logo.png","width":600,"height":60}},"image":{"@type":"ImageObject","@id":"https:\/\/www.ochmt.cz\/wp-content\/uploads\/v%C3%BDd%C4%9Blek%20z%20internetu.png","url":"https:\/\/www.ochmt.cz\/wp-content\/uploads\/v%C3%BDd%C4%9Blek%20z%20internetu.png","height":0,"width":0},"wordCount":803,"keywords":null},{"@type":"Article","@id":"https:\/\/www.ochmt.cz\/problem-mnoha-domacnosti-tvrda-voda\/","headline":"Probl\u00e9m mnoha dom\u00e1cnost\u00ed \u2013 tvrd\u00e1 voda","url":"https:\/\/www.ochmt.cz\/problem-mnoha-domacnosti-tvrda-voda\/","datePublished":"2020-10-17","dateModified":"2023-05-06","mainEntityOfPage":"https:\/\/www.ochmt.cz\/problem-mnoha-domacnosti-tvrda-voda\/","author":{"@type":"Person","@id":"https:\/\/www.ochmt.cz\/author\/#Person","name":"","url":"https:\/\/www.ochmt.cz\/author\/","identifier":1,"image":{"@type":"ImageObject","@id":"https:\/\/secure.gravatar.com\/avatar\/16435f0a6c9262449b9ebb39f63178cd65c54b09f931b6f84682f48086e3d763?s=96&d=mm&r=g","url":"https:\/\/secure.gravatar.com\/avatar\/16435f0a6c9262449b9ebb39f63178cd65c54b09f931b6f84682f48086e3d763?s=96&d=mm&r=g","height":96,"width":96}},"publisher":{"@type":"Organization","name":"ochmt.cz","logo":{"@type":"ImageObject","@id":"\/logo.png","url":"\/logo.png","width":600,"height":60}},"image":{"@type":"ImageObject","@id":"https:\/\/www.ochmt.cz\/wp-content\/uploads\/img_a279309_w1883_t1602751412.jpg","url":"https:\/\/www.ochmt.cz\/wp-content\/uploads\/img_a279309_w1883_t1602751412.jpg","height":0,"width":0},"wordCount":560,"keywords":null},{"@type":"Article","@id":"https:\/\/www.ochmt.cz\/cialis-zautoci-tam-kde-priroda-selhala\/","headline":"Cialis za\u00fato\u010d\u00ed tam, kde p\u0159\u00edroda selhala","url":"https:\/\/www.ochmt.cz\/cialis-zautoci-tam-kde-priroda-selhala\/","datePublished":"2020-09-16","dateModified":"2023-05-06","mainEntityOfPage":"https:\/\/www.ochmt.cz\/cialis-zautoci-tam-kde-priroda-selhala\/","author":{"@type":"Person","@id":"https:\/\/www.ochmt.cz\/author\/#Person","name":"","url":"https:\/\/www.ochmt.cz\/author\/","identifier":1,"image":{"@type":"ImageObject","@id":"https:\/\/secure.gravatar.com\/avatar\/16435f0a6c9262449b9ebb39f63178cd65c54b09f931b6f84682f48086e3d763?s=96&d=mm&r=g","url":"https:\/\/secure.gravatar.com\/avatar\/16435f0a6c9262449b9ebb39f63178cd65c54b09f931b6f84682f48086e3d763?s=96&d=mm&r=g","height":96,"width":96}},"publisher":{"@type":"Organization","name":"ochmt.cz","logo":{"@type":"ImageObject","@id":"\/logo.png","url":"\/logo.png","width":600,"height":60}},"image":{"@type":"ImageObject","@id":"https:\/\/www.ochmt.cz\/wp-content\/uploads\/b%C3%ADl%C3%A9%20pilulky_2.jpg","url":"https:\/\/www.ochmt.cz\/wp-content\/uploads\/b%C3%ADl%C3%A9%20pilulky_2.jpg","height":0,"width":0},"wordCount":675,"keywords":null},{"@type":"Article","@id":"https:\/\/www.ochmt.cz\/jen-zivot-jako-z-reklamy-stoji-za-to\/","headline":"Jen \u017eivot jako z reklamy stoj\u00ed za to?","url":"https:\/\/www.ochmt.cz\/jen-zivot-jako-z-reklamy-stoji-za-to\/","datePublished":"2020-09-16","dateModified":"2023-05-06","mainEntityOfPage":"https:\/\/www.ochmt.cz\/jen-zivot-jako-z-reklamy-stoji-za-to\/","author":{"@type":"Person","@id":"https:\/\/www.ochmt.cz\/author\/#Person","name":"","url":"https:\/\/www.ochmt.cz\/author\/","identifier":1,"image":{"@type":"ImageObject","@id":"https:\/\/secure.gravatar.com\/avatar\/16435f0a6c9262449b9ebb39f63178cd65c54b09f931b6f84682f48086e3d763?s=96&d=mm&r=g","url":"https:\/\/secure.gravatar.com\/avatar\/16435f0a6c9262449b9ebb39f63178cd65c54b09f931b6f84682f48086e3d763?s=96&d=mm&r=g","height":96,"width":96}},"publisher":{"@type":"Organization","name":"ochmt.cz","logo":{"@type":"ImageObject","@id":"\/logo.png","url":"\/logo.png","width":600,"height":60}},"image":{"@type":"ImageObject","@id":"https:\/\/www.ochmt.cz\/wp-content\/uploads\/img_a312974_w2325_t1523646767.jpg","url":"https:\/\/www.ochmt.cz\/wp-content\/uploads\/img_a312974_w2325_t1523646767.jpg","height":0,"width":0},"wordCount":512,"keywords":null},{"@type":"Article","@id":"https:\/\/www.ochmt.cz\/pyzamo-slavi-sto-let-sveho-trvani\/","headline":"Py\u017eamo slav\u00ed sto let sv\u00e9ho trv\u00e1n\u00ed","url":"https:\/\/www.ochmt.cz\/pyzamo-slavi-sto-let-sveho-trvani\/","datePublished":"2020-09-01","dateModified":"2023-05-06","mainEntityOfPage":"https:\/\/www.ochmt.cz\/pyzamo-slavi-sto-let-sveho-trvani\/","author":{"@type":"Person","@id":"https:\/\/www.ochmt.cz\/author\/#Person","name":"","url":"https:\/\/www.ochmt.cz\/author\/","identifier":1,"image":{"@type":"ImageObject","@id":"https:\/\/secure.gravatar.com\/avatar\/16435f0a6c9262449b9ebb39f63178cd65c54b09f931b6f84682f48086e3d763?s=96&d=mm&r=g","url":"https:\/\/secure.gravatar.com\/avatar\/16435f0a6c9262449b9ebb39f63178cd65c54b09f931b6f84682f48086e3d763?s=96&d=mm&r=g","height":96,"width":96}},"publisher":{"@type":"Organization","name":"ochmt.cz","logo":{"@type":"ImageObject","@id":"\/logo.png","url":"\/logo.png","width":600,"height":60}},"image":{"@type":"ImageObject","@id":"https:\/\/www.ochmt.cz\/wp-content\/uploads\/img_a339690_w2318_t1552826329.jpg","url":"https:\/\/www.ochmt.cz\/wp-content\/uploads\/img_a339690_w2318_t1552826329.jpg","height":0,"width":0},"wordCount":510,"keywords":null},{"@type":"Article","@id":"https:\/\/www.ochmt.cz\/jake-vlastnosti-by-mel-mit-kryt-xiaomi-redmi-note-7\/","headline":"Jak\u00e9 vlastnosti by m\u011bl m\u00edt kryt Xiaomi Redmi note 7","url":"https:\/\/www.ochmt.cz\/jake-vlastnosti-by-mel-mit-kryt-xiaomi-redmi-note-7\/","datePublished":"2020-08-10","dateModified":"2024-05-24","mainEntityOfPage":"https:\/\/www.ochmt.cz\/jake-vlastnosti-by-mel-mit-kryt-xiaomi-redmi-note-7\/","author":{"@type":"Person","@id":"https:\/\/www.ochmt.cz\/author\/#Person","name":"","url":"https:\/\/www.ochmt.cz\/author\/","identifier":1,"image":{"@type":"ImageObject","@id":"https:\/\/secure.gravatar.com\/avatar\/16435f0a6c9262449b9ebb39f63178cd65c54b09f931b6f84682f48086e3d763?s=96&d=mm&r=g","url":"https:\/\/secure.gravatar.com\/avatar\/16435f0a6c9262449b9ebb39f63178cd65c54b09f931b6f84682f48086e3d763?s=96&d=mm&r=g","height":96,"width":96}},"publisher":{"@type":"Organization","name":"ochmt.cz","logo":{"@type":"ImageObject","@id":"\/logo.png","url":"\/logo.png","width":600,"height":60}},"image":{"@type":"ImageObject","@id":"https:\/\/www.ochmt.cz\/wp-content\/uploads\/mobil1_1.jpg","url":"https:\/\/www.ochmt.cz\/wp-content\/uploads\/mobil1_1.jpg","height":0,"width":0},"wordCount":578,"keywords":null},{"@type":"Article","@id":"https:\/\/www.ochmt.cz\/vek-neni-rozhodujici\/","headline":"V\u011bk nen\u00ed rozhoduj\u00edc\u00ed","url":"https:\/\/www.ochmt.cz\/vek-neni-rozhodujici\/","datePublished":"2020-08-05","dateModified":"2023-05-06","mainEntityOfPage":"https:\/\/www.ochmt.cz\/vek-neni-rozhodujici\/","author":{"@type":"Person","@id":"https:\/\/www.ochmt.cz\/author\/#Person","name":"","url":"https:\/\/www.ochmt.cz\/author\/","identifier":1,"image":{"@type":"ImageObject","@id":"https:\/\/secure.gravatar.com\/avatar\/16435f0a6c9262449b9ebb39f63178cd65c54b09f931b6f84682f48086e3d763?s=96&d=mm&r=g","url":"https:\/\/secure.gravatar.com\/avatar\/16435f0a6c9262449b9ebb39f63178cd65c54b09f931b6f84682f48086e3d763?s=96&d=mm&r=g","height":96,"width":96}},"publisher":{"@type":"Organization","name":"ochmt.cz","logo":{"@type":"ImageObject","@id":"\/logo.png","url":"\/logo.png","width":600,"height":60}},"image":{"@type":"ImageObject","@id":"https:\/\/www.ochmt.cz\/wp-content\/uploads\/m%C4%9B%C5%99en%C3%AD%20v%20pase_1.jpg","url":"https:\/\/www.ochmt.cz\/wp-content\/uploads\/m%C4%9B%C5%99en%C3%AD%20v%20pase_1.jpg","height":0,"width":0},"wordCount":826,"keywords":null},{"@type":"Article","@id":"https:\/\/www.ochmt.cz\/brezovy-cili-drevny-cukr\/","headline":"B\u0159ezov\u00fd \u010dili d\u0159evn\u00fd cukr","url":"https:\/\/www.ochmt.cz\/brezovy-cili-drevny-cukr\/","datePublished":"2020-06-21","dateModified":"2023-05-06","mainEntityOfPage":"https:\/\/www.ochmt.cz\/brezovy-cili-drevny-cukr\/","author":{"@type":"Person","@id":"https:\/\/www.ochmt.cz\/author\/#Person","name":"","url":"https:\/\/www.ochmt.cz\/author\/","identifier":1,"image":{"@type":"ImageObject","@id":"https:\/\/secure.gravatar.com\/avatar\/16435f0a6c9262449b9ebb39f63178cd65c54b09f931b6f84682f48086e3d763?s=96&d=mm&r=g","url":"https:\/\/secure.gravatar.com\/avatar\/16435f0a6c9262449b9ebb39f63178cd65c54b09f931b6f84682f48086e3d763?s=96&d=mm&r=g","height":96,"width":96}},"publisher":{"@type":"Organization","name":"ochmt.cz","logo":{"@type":"ImageObject","@id":"\/logo.png","url":"\/logo.png","width":600,"height":60}},"image":{"@type":"ImageObject","@id":"https:\/\/www.ochmt.cz\/wp-content\/uploads\/nature-5346386_960_720.jpg","url":"https:\/\/www.ochmt.cz\/wp-content\/uploads\/nature-5346386_960_720.jpg","height":0,"width":0},"wordCount":693,"keywords":null},{"@type":"Article","@id":"https:\/\/www.ochmt.cz\/az-moc-sebevedomi-muzi\/","headline":"A\u017e moc sebev\u011bdom\u00ed mu\u017ei","url":"https:\/\/www.ochmt.cz\/az-moc-sebevedomi-muzi\/","datePublished":"2020-03-06","dateModified":"2023-05-06","mainEntityOfPage":"https:\/\/www.ochmt.cz\/az-moc-sebevedomi-muzi\/","author":{"@type":"Person","@id":"https:\/\/www.ochmt.cz\/author\/#Person","name":"","url":"https:\/\/www.ochmt.cz\/author\/","identifier":1,"image":{"@type":"ImageObject","@id":"https:\/\/secure.gravatar.com\/avatar\/16435f0a6c9262449b9ebb39f63178cd65c54b09f931b6f84682f48086e3d763?s=96&d=mm&r=g","url":"https:\/\/secure.gravatar.com\/avatar\/16435f0a6c9262449b9ebb39f63178cd65c54b09f931b6f84682f48086e3d763?s=96&d=mm&r=g","height":96,"width":96}},"publisher":{"@type":"Organization","name":"ochmt.cz","logo":{"@type":"ImageObject","@id":"\/logo.png","url":"\/logo.png","width":600,"height":60}},"image":{"@type":"ImageObject","@id":"https:\/\/www.ochmt.cz\/wp-content\/uploads\/img_a372019_w4237_t1583400698.jpg","url":"https:\/\/www.ochmt.cz\/wp-content\/uploads\/img_a372019_w4237_t1583400698.jpg","height":0,"width":0},"wordCount":512,"keywords":null}]},{"@context":"https:\/\/schema.org","@type":"WebSite","@id":"https:\/\/www.ochmt.cz\/#website","name":"Ochmt","url":"https:\/\/www.ochmt.cz","potentialAction":{"@type":"SearchAction","target":"https:\/\/www.ochmt.cz\/?s={search_term_string}","query-input":"required name=search_term_string"}}]