[{"@context":"https:\/\/schema.org\/","@type":"Article","@id":"https:\/\/www.ochmt.cz\/mate-jasno-ve-vybaveni-interieru\/#Article","mainEntityOfPage":"https:\/\/www.ochmt.cz\/mate-jasno-ve-vybaveni-interieru\/","headline":"M\u00e1te jasno ve vybaven\u00ed interi\u00e9ru?","name":"M\u00e1te jasno ve vybaven\u00ed interi\u00e9ru?","description":"Chyst\u00e1te rekonstrukci bytu? M\u00e1te jasno ve vybaven\u00ed interi\u00e9ru, ale nev\u00edte co s dve\u0159mi? Pr\u00e1v\u011b pro v\u00e1s tu jsme my a na\u0161e v\u010detn\u011b p\u0159\u00edslu\u0161enstv\u00ed. Jsme firma p\u016fsob\u00edc\u00ed na trhu ji\u017e \u0159adu let a p\u0159in\u00e1\u0161ej\u00edc\u00ed st\u00e1le nov\u00e9 trendy v tomto sortimentu. Interi\u00e9rov\u00e9 dve\u0159e vyr\u00e1b\u00edme v rozmanit\u00e9m proveden\u00ed dle p\u0159\u00e1n\u00ed z\u00e1kazn\u00edka. Najdete u n\u00e1s dve\u0159e d\u00fdhov\u00e9, celosklen\u011bn\u00e9 i [&hellip;]","datePublished":"2024-11-13","dateModified":"2024-11-13","author":{"@type":"Person","@id":"https:\/\/www.ochmt.cz\/author\/#Person","name":"","url":"https:\/\/www.ochmt.cz\/author\/","identifier":1,"image":{"@type":"ImageObject","@id":"https:\/\/secure.gravatar.com\/avatar\/16435f0a6c9262449b9ebb39f63178cd65c54b09f931b6f84682f48086e3d763?s=96&d=mm&r=g","url":"https:\/\/secure.gravatar.com\/avatar\/16435f0a6c9262449b9ebb39f63178cd65c54b09f931b6f84682f48086e3d763?s=96&d=mm&r=g","height":96,"width":96}},"publisher":{"@type":"Organization","name":"ochmt.cz","logo":{"@type":"ImageObject","@id":"\/logo.png","url":"\/logo.png","width":600,"height":60}},"url":"https:\/\/www.ochmt.cz\/mate-jasno-ve-vybaveni-interieru\/","wordCount":203,"articleBody":"Chyst\u00e1te rekonstrukci bytu? M\u00e1te jasno ve vybaven\u00ed interi\u00e9ru, ale nev\u00edte co s dve\u0159mi? Pr\u00e1v\u011b pro v\u00e1s tu jsme my a na\u0161e v\u010detn\u011b p\u0159\u00edslu\u0161enstv\u00ed. Jsme firma p\u016fsob\u00edc\u00ed na trhu ji\u017e \u0159adu let a p\u0159in\u00e1\u0161ej\u00edc\u00ed st\u00e1le nov\u00e9 trendy v tomto sortimentu.Interi\u00e9rov\u00e9 dve\u0159e vyr\u00e1b\u00edme v rozmanit\u00e9m proveden\u00ed dle p\u0159\u00e1n\u00ed z\u00e1kazn\u00edka. Najdete u n\u00e1s dve\u0159e d\u00fdhov\u00e9, celosklen\u011bn\u00e9 i kombinovan\u00e9. Kolor materi\u00e1lu z\u00e1vis\u00ed na po\u017eadavku klienta. Neodmysliteln\u00fdm dopl\u0148kem dve\u0159\u00ed je oblo\u017eka a samoz\u0159ejm\u011b kov\u00e1n\u00ed. Pokud jste na \u0161t\u00edru s prostorem, m\u00e1me pro v\u00e1s dve\u0159e posuvn\u00e9. V\u0161e nab\u00edz\u00edme v cenov\u011b dostupn\u00e9 kvalit\u011b v\u010detn\u011b odborn\u00e9ho poradenstv\u00ed.Obl\u00edben\u00e9 dve\u0159eV sou\u010dasn\u00e9 dob\u011b jsou interi\u00e9rov\u00e9 dve\u0159e prioritou na trhu. Nejen pro prakti\u010dnost, ale hlavn\u011b pro dotv\u00e1\u0159en\u00ed vnit\u0159n\u00edho prostoru obydl\u00ed. Tak nev\u00e1hejte a p\u0159ij\u010fte si k n\u00e1m vybrat. U n\u00e1s budete velmi spokojeni jak s nab\u00eddkou sortimentu, tak s person\u00e1lem. P\u0159ij\u010fte, nezklamete se v n\u00e1s.                                                                                                                                                                                                                                                                                                                                                                                        4.7\/5 - (3 votes)        "},{"@context":"https:\/\/schema.org\/","@type":"BreadcrumbList","itemListElement":[{"@type":"ListItem","position":1,"name":"M\u00e1te jasno ve vybaven\u00ed interi\u00e9ru?","item":"https:\/\/www.ochmt.cz\/mate-jasno-ve-vybaveni-interieru\/#breadcrumbitem"}]}]