[{"@context":"https:\/\/schema.org\/","@type":"Article","@id":"https:\/\/www.ochmt.cz\/jak-je-to-opravdu-s-platy-cizincu-v-ceske-republice\/#Article","mainEntityOfPage":"https:\/\/www.ochmt.cz\/jak-je-to-opravdu-s-platy-cizincu-v-ceske-republice\/","headline":"Jak je to opravdu s platy cizinc\u016f v \u010cesk\u00e9 republice","name":"Jak je to opravdu s platy cizinc\u016f v \u010cesk\u00e9 republice","description":"Ur\u010dit\u011b i v\u00e1s by zaj\u00edmalo, jak je to vlastn\u011b s cizinci a jejich platy u n\u00e1s v \u010cesk\u00e9 republice . Za prac\u00ed zde jezdi hlavn\u011b ti ob\u010dasn\u00e9 zem\u00ed, kter\u00e9 na tom nejsou zrovna nejl\u00e9pe po ekonomick\u00e9 str\u00e1nce. Jedn\u00e1 se hlavn\u011b o Ukrajinu, Rumunko nebo Bulharsko. Mo\u017en\u00e1 \u017ee i pro v\u00e1s, jako ob\u010dany \u010cesk\u00e9 republiky, bude [&hellip;]","datePublished":"2019-02-11","dateModified":"2023-05-06","author":{"@type":"Person","@id":"https:\/\/www.ochmt.cz\/author\/#Person","name":"","url":"https:\/\/www.ochmt.cz\/author\/","identifier":1,"image":{"@type":"ImageObject","@id":"https:\/\/secure.gravatar.com\/avatar\/16435f0a6c9262449b9ebb39f63178cd65c54b09f931b6f84682f48086e3d763?s=96&d=mm&r=g","url":"https:\/\/secure.gravatar.com\/avatar\/16435f0a6c9262449b9ebb39f63178cd65c54b09f931b6f84682f48086e3d763?s=96&d=mm&r=g","height":96,"width":96}},"publisher":{"@type":"Organization","name":"ochmt.cz","logo":{"@type":"ImageObject","@id":"\/logo.png","url":"\/logo.png","width":600,"height":60}},"image":{"@type":"ImageObject","@id":"https:\/\/www.ochmt.cz\/wp-content\/uploads\/img_a337859_w2644_t1550764150.jpg","url":"https:\/\/www.ochmt.cz\/wp-content\/uploads\/img_a337859_w2644_t1550764150.jpg","height":0,"width":0},"url":"https:\/\/www.ochmt.cz\/jak-je-to-opravdu-s-platy-cizincu-v-ceske-republice\/","about":["Finance"],"wordCount":394,"articleBody":"Ur\u010dit\u011b i v\u00e1s by zaj\u00edmalo, jak je to vlastn\u011b s cizinci a jejich platy u n\u00e1s v \u010cesk\u00e9 republice . Za prac\u00ed zde jezdi hlavn\u011b ti ob\u010dasn\u00e9 zem\u00ed, kter\u00e9 na tom nejsou zrovna nejl\u00e9pe po ekonomick\u00e9 str\u00e1nce. Jedn\u00e1 se hlavn\u011b o Ukrajinu, Rumunko nebo Bulharsko. Mo\u017en\u00e1 \u017ee i pro v\u00e1s, jako ob\u010dany \u010cesk\u00e9 republiky, bude p\u0159ekvapen\u00edm to, \u017ee si rumun\u0161t\u00ed d\u011bln\u00edci u n\u00e1s vyd\u011bl\u00e1vaj\u00ed nad r\u00e1mec pr\u016fm\u011brn\u00e9 mzdy, kterou by dostal oby\u010dejn\u00fd \u010desk\u00fd ob\u010dan. D\u00e1 se tedy \u0159\u00edct, \u017ee jsou mnohem l\u00e9pe placeni ne\u017e my.&#13; Nejl\u00e9pe platov\u011b ohodnoceni jsou pracovn\u00edci, kte\u0159\u00ed jsou n\u011bmeck\u00fdmi st\u00e1tn\u00edmi p\u0159\u00edslu\u0161n\u00edky. Za nimi jsou hned sloven\u0161t\u00ed ob\u010dan\u00e9. Jen o n\u011bkolik stokorun jsou na tom h\u016f\u0159e Rusov\u00e9 nebo Rumuni. Mezi nejh\u016f\u0159e placen\u00e9 se \u0159ad\u00ed ti, kte\u0159\u00ed maj\u00ed n\u00e1rodnost vietnamskou nebo ukrajinskou. Pokud bychom m\u011bli srovnat manu\u00e1ln\u00ed profese s nemanu\u00e1ln\u00edmi, pak jsou na tom nejl\u00e9pe rumuni. Takov\u00fd pracuj\u00edc\u00ed \u010dech v kancel\u00e1\u0159i si vyd\u011bl\u00e1 maxim\u00e1ln\u011b 35 tis\u00edc korun.&#13; Pr\u016fm\u011brn\u00fd \u010desk\u00fd ob\u010das si bez ohledu na zam\u011bstn\u00e1n\u00ed vyd\u011bl\u00e1 kolem 30 tis\u00edc.&#13; Je jasn\u00e9, \u017ee p\u0159esn\u00e1 v\u00fd\u0161e mzdy se odv\u00edj\u00ed od pracovn\u00edho za\u0159azen\u00ed nebo oboru. Hodn\u011b ale z\u00e1le\u017e\u00ed tak\u00e9 na spole\u010dnosti, kde dan\u00fd zam\u011bstnanec pracuje. Ti ob\u010dan\u00e9, kte\u0159\u00ed jsou z v\u00fdchodu, jsou zam\u011bstn\u00e1n\u00ed hlavn\u011b na manu\u00e1ln\u00ed pr\u00e1ce. Ti, kte\u0159\u00ed jsou z \u010d\u00e1sti z\u00e1padn\u00ed, se uplat\u0148uj\u00ed sp\u00ed\u0161e ve funkc\u00edch vy\u0161\u0161\u00edch.&#13; Pokud bychom hovo\u0159ili o zam\u011bstn\u00e1vaj\u00edc\u00edch spole\u010dnostech, je zde velmi podstatn\u00fd jejich p\u016fvod a hlavn\u011b tak\u00e9 \u00fazem\u00ed st\u00e1tu. Pokud budete nap\u0159\u00edklad zam\u011bstn\u00e1ni u n\u011bmeck\u00e9 firmy a to v jej\u00edm domovsk\u00e9m st\u00e1t\u011b, jist\u011b bude v\u00e1\u0161 p\u0159\u00edjem mnohon\u00e1sobn\u011b vy\u0161\u0161\u00ed, ne\u017e kdybyste pracovali u spole\u010dnosti, kter\u00e1 m\u00e1 pobo\u010dku v \u010cesk\u00e9 republice. Pravidlem je dokonce i to, \u017ee zahrani\u010dn\u00ed spole\u010dnosti na t\u011bch postech, kter\u00e9 jsou vy\u0161\u0161\u00ed, zam\u011bstn\u00e1vaj\u00ed hlavn\u011b sv\u00e9 lidi. Pro cizince je tedy daleko obt\u00ed\u017en\u011bj\u0161\u00ed se na danou pozici vypracovat a uk\u00e1zat tak v\u0161em, \u017ee na to maj\u00ed.                                                                                                                                                                                                                                                                                                                                                                                        4\/5 - (12 votes)        "},{"@context":"https:\/\/schema.org\/","@type":"BreadcrumbList","itemListElement":[{"@type":"ListItem","position":1,"name":"Jak je to opravdu s platy cizinc\u016f v \u010cesk\u00e9 republice","item":"https:\/\/www.ochmt.cz\/jak-je-to-opravdu-s-platy-cizincu-v-ceske-republice\/#breadcrumbitem"}]}]