[{"@context":"https:\/\/schema.org\/","@type":"Article","@id":"https:\/\/www.ochmt.cz\/domaci-vzdelavani-nebo-do-skoly\/#Article","mainEntityOfPage":"https:\/\/www.ochmt.cz\/domaci-vzdelavani-nebo-do-skoly\/","headline":"Dom\u00e1c\u00ed vzd\u011bl\u00e1v\u00e1n\u00ed, nebo do \u0161koly?","name":"Dom\u00e1c\u00ed vzd\u011bl\u00e1v\u00e1n\u00ed, nebo do \u0161koly?","description":"D\u0159\u00edve bylo individu\u00e1ln\u00ed vzd\u011bl\u00e1v\u00e1n\u00ed ch\u00e1p\u00e1no p\u0159edev\u0161\u00edm jako \u0159e\u0161en\u00ed pro rodi\u010de d\u011bt\u00ed, kter\u00e9 jsou vrcholov\u00fdmi sportovci, maj\u00ed z\u00e1va\u017en\u00e9 zdravotn\u00ed probl\u00e9my \u010di speci\u00e1ln\u00ed vzd\u011bl\u00e1vac\u00ed pot\u0159eby. Dnes se jako d\u016fvod \u017e\u00e1dosti o individu\u00e1ln\u00ed vzd\u011bl\u00e1v\u00e1n\u00ed st\u00e1le \u010dast\u011bji uv\u00e1d\u00ed p\u0159\u00e1n\u00ed rodi\u010d\u016f, kte\u0159\u00ed cht\u011bj\u00ed svoje d\u011bti vzd\u011bl\u00e1vat jin\u00fdm zp\u016fsobem, ne\u017e jak tomu \u010din\u00ed k\u00a0tomu ur\u010den\u00e1 za\u0159\u00edzen\u00ed. Odhl\u00e9dn\u011bme nyn\u00ed od probl\u00e9mu, pro\u010d [&hellip;]","datePublished":"2023-05-06","dateModified":"2023-05-06","author":{"@type":"Person","@id":"https:\/\/www.ochmt.cz\/author\/#Person","name":"","url":"https:\/\/www.ochmt.cz\/author\/","identifier":1,"image":{"@type":"ImageObject","@id":"https:\/\/secure.gravatar.com\/avatar\/16435f0a6c9262449b9ebb39f63178cd65c54b09f931b6f84682f48086e3d763?s=96&d=mm&r=g","url":"https:\/\/secure.gravatar.com\/avatar\/16435f0a6c9262449b9ebb39f63178cd65c54b09f931b6f84682f48086e3d763?s=96&d=mm&r=g","height":96,"width":96}},"publisher":{"@type":"Organization","name":"ochmt.cz","logo":{"@type":"ImageObject","@id":"\/logo.png","url":"\/logo.png","width":600,"height":60}},"image":{"@type":"ImageObject","@id":"https:\/\/www.ochmt.cz\/wp-content\/uploads\/img_a328930_w2068_t1541015288.jpg","url":"https:\/\/www.ochmt.cz\/wp-content\/uploads\/img_a328930_w2068_t1541015288.jpg","height":0,"width":0},"url":"https:\/\/www.ochmt.cz\/domaci-vzdelavani-nebo-do-skoly\/","wordCount":428,"articleBody":"D\u0159\u00edve bylo individu\u00e1ln\u00ed vzd\u011bl\u00e1v\u00e1n\u00ed ch\u00e1p\u00e1no p\u0159edev\u0161\u00edm jako \u0159e\u0161en\u00ed pro rodi\u010de d\u011bt\u00ed, kter\u00e9 jsou vrcholov\u00fdmi sportovci, maj\u00ed z\u00e1va\u017en\u00e9 zdravotn\u00ed probl\u00e9my \u010di speci\u00e1ln\u00ed vzd\u011bl\u00e1vac\u00ed pot\u0159eby. Dnes se jako d\u016fvod \u017e\u00e1dosti o individu\u00e1ln\u00ed vzd\u011bl\u00e1v\u00e1n\u00ed st\u00e1le \u010dast\u011bji uv\u00e1d\u00ed p\u0159\u00e1n\u00ed rodi\u010d\u016f, kte\u0159\u00ed cht\u011bj\u00ed svoje d\u011bti vzd\u011bl\u00e1vat jin\u00fdm zp\u016fsobem, ne\u017e jak tomu \u010din\u00ed k\u00a0tomu ur\u010den\u00e1 za\u0159\u00edzen\u00ed. Odhl\u00e9dn\u011bme nyn\u00ed od probl\u00e9mu, pro\u010d vzr\u016fst\u00e1 ned\u016fv\u011bra k\u00a0tradi\u010dn\u00edmu pojet\u00ed v\u00fduky, a zam\u011b\u0159me se na dom\u00e1c\u00ed vzd\u011bl\u00e1v\u00e1n\u00ed konkr\u00e9tn\u011bji.Z\u00e1le\u017e\u00ed na \u0159editeliPodle \u0161kolsk\u00e9ho z\u00e1kona povol\u00ed \u0159editel \u0161koly dom\u00e1c\u00ed vzd\u011bl\u00e1v\u00e1n\u00ed tehdy, jsou-li proto z\u00e1va\u017en\u00e9 d\u016fvody. Jak\u00e9 d\u016fvody jsou ale ch\u00e1p\u00e1ny za z\u00e1va\u017en\u00e9, u\u017e z\u00e1kon neuv\u00e1d\u00ed. Je tedy pln\u011b v\u00a0diskre\u010dn\u00ed pravomoci \u0159editele z\u00e1kladn\u00ed \u0161koly, kam d\u00edt\u011b spad\u00e1, aby zde splnilo svou povinnou \u0161koln\u00ed doch\u00e1zku, zda vyhov\u00ed, \u010di nevyhov\u00ed \u017e\u00e1dosti z\u00e1konn\u00e9ho z\u00e1stupce d\u00edt\u011bte. \u0158editel m\u016f\u017ee stejn\u011b tak ji\u017e povolenou individu\u00e1ln\u00ed v\u00fduku zru\u0161it. \u017dadatel, kter\u00fd ov\u0161em mus\u00ed splnit n\u011bkter\u00e9 z\u00e1konem stanoven\u00e9 podm\u00ednky (nap\u0159. dosa\u017een\u00e9 vzd\u011bl\u00e1n\u00ed vzd\u011blavatele, zaji\u0161t\u011bn\u00ed u\u010debnic a pom\u016fcek atd.), se proti zam\u00edtav\u00e9mu rozhodnut\u00ed \u0159editele \u0161koly m\u016f\u017ee br\u00e1nit soudn\u011b.\u00a0Absence socializace?Odborn\u00edci i laick\u00e1 ve\u0159ejnost se nedok\u00e1\u017e\u00ed shodnout, zda je dom\u00e1c\u00ed vyu\u010dov\u00e1n\u00ed pro d\u00edt\u011b vhodn\u00e9, \u010di nikoliv z\u00a0hlediska nedostatku soci\u00e1ln\u00edho kontaktu. Zast\u00e1nci dom\u00e1c\u00ed v\u00fduky poukazuj\u00ed na fakt, \u017ee se d\u00edt\u011b m\u016f\u017ee \u00fa\u010dastnit v\u0161ech \u0161koln\u00edch akc\u00ed a jednou za pololet\u00ed do \u0161koly mus\u00ed kv\u016fli p\u0159ezkou\u0161en\u00ed. D\u00e1le se oh\u00e1n\u011bj\u00ed skute\u010dnost\u00ed, \u017ee \u017e\u00e1dn\u00e9 d\u00edt\u011b ne\u017eije \u00fapln\u011b izolovan\u00fdm \u017eivotem, jeliko\u017e je \u010dlenem \u0161ir\u0161\u00ed rodiny a okruhu dal\u0161\u00edch zn\u00e1m\u00fdch. Odp\u016frci tohoto zp\u016fsobu edukace zase argumentuj\u00ed t\u00edm, \u017ee pouze v\u00a0kolektivu vrstevn\u00edk\u016f se d\u00edt\u011b dostate\u010dn\u011b p\u0159iprav\u00ed na re\u00e1ln\u00fd dosp\u011bl\u00fd \u017eivot a nec\u00edt\u00ed se vy\u010dlen\u011bno.\u00a0I p\u0159es neshodn\u00e9 n\u00e1zory obou t\u00e1bor\u016f je jasn\u00e9, \u017ee dom\u00e1c\u00ed vzd\u011bl\u00e1v\u00e1n\u00ed se st\u00e1v\u00e1 st\u00e1le v\u00edce atraktivn\u00edm a nelze p\u0159ehl\u00ed\u017eet jeho st\u00e1le vzr\u016fstaj\u00edc\u00ed trend.                                                                                                                                                                                                                                                                                                                                                                                        4.9\/5 - (12 votes)        "},{"@context":"https:\/\/schema.org\/","@type":"BreadcrumbList","itemListElement":[{"@type":"ListItem","position":1,"name":"Dom\u00e1c\u00ed vzd\u011bl\u00e1v\u00e1n\u00ed, nebo do \u0161koly?","item":"https:\/\/www.ochmt.cz\/domaci-vzdelavani-nebo-do-skoly\/#breadcrumbitem"}]}]